{"id":494,"date":"2013-11-25T06:56:22","date_gmt":"2013-11-25T05:56:22","guid":{"rendered":"http:\/\/propagande.noblogs.org\/?p=494"},"modified":"2013-12-12T19:56:04","modified_gmt":"2013-12-12T18:56:04","slug":"pour-la-liberte","status":"publish","type":"post","link":"https:\/\/propagande.noblogs.org\/?p=494","title":{"rendered":"Pour la libert\u00e9&#8230;"},"content":{"rendered":"<p><a href=\"https:\/\/propagande.noblogs.org\/files\/2013\/11\/lucha.cleaned.pdf\"><img loading=\"lazy\" decoding=\"async\" src=\"https:\/\/propagande.noblogs.org\/files\/2013\/11\/lucha-mini.jpg\" alt=\"lucha-mini\" width=\"539\" height=\"381\" class=\"alignnone size-full wp-image-496\" srcset=\"https:\/\/propagande.noblogs.org\/files\/2013\/11\/lucha-mini.jpg 539w, https:\/\/propagande.noblogs.org\/files\/2013\/11\/lucha-mini-300x212.jpg 300w, https:\/\/propagande.noblogs.org\/files\/2013\/11\/lucha-mini-538x380.jpg 538w\" sizes=\"auto, (max-width: 539px) 100vw, 539px\" \/><\/a><\/p>\n<p><b>format<\/b> : A3 paysage<br \/>\n<b>ann\u00e9e de cr\u00e9ation<\/b> : 2013<br \/>\n<b>source<\/b> : inconnue<br \/>\n<b>sujet<\/b> : affiche invitant \u00e0 l&rsquo;organisation des classes domin\u00e9es dans une perspective de transformation sociale<\/p>\n","protected":false},"excerpt":{"rendered":"<p>format : A3 paysage ann\u00e9e de cr\u00e9ation : 2013 source : inconnue sujet : affiche invitant \u00e0 l&rsquo;organisation des classes domin\u00e9es dans une perspective de transformation sociale<\/p>\n","protected":false},"author":6250,"featured_media":0,"comment_status":"open","ping_status":"closed","sticky":false,"template":"","format":"standard","meta":{"footnotes":""},"categories":[12,11],"tags":[16],"class_list":["post-494","post","type-post","status-publish","format-standard","hentry","category-anticapitalisme","category-contre-la-domination","tag-affiche"],"_links":{"self":[{"href":"https:\/\/propagande.noblogs.org\/index.php?rest_route=\/wp\/v2\/posts\/494","targetHints":{"allow":["GET"]}}],"collection":[{"href":"https:\/\/propagande.noblogs.org\/index.php?rest_route=\/wp\/v2\/posts"}],"about":[{"href":"https:\/\/propagande.noblogs.org\/index.php?rest_route=\/wp\/v2\/types\/post"}],"author":[{"embeddable":true,"href":"https:\/\/propagande.noblogs.org\/index.php?rest_route=\/wp\/v2\/users\/6250"}],"replies":[{"embeddable":true,"href":"https:\/\/propagande.noblogs.org\/index.php?rest_route=%2Fwp%2Fv2%2Fcomments&post=494"}],"version-history":[{"count":1,"href":"https:\/\/propagande.noblogs.org\/index.php?rest_route=\/wp\/v2\/posts\/494\/revisions"}],"predecessor-version":[{"id":497,"href":"https:\/\/propagande.noblogs.org\/index.php?rest_route=\/wp\/v2\/posts\/494\/revisions\/497"}],"wp:attachment":[{"href":"https:\/\/propagande.noblogs.org\/index.php?rest_route=%2Fwp%2Fv2%2Fmedia&parent=494"}],"wp:term":[{"taxonomy":"category","embeddable":true,"href":"https:\/\/propagande.noblogs.org\/index.php?rest_route=%2Fwp%2Fv2%2Fcategories&post=494"},{"taxonomy":"post_tag","embeddable":true,"href":"https:\/\/propagande.noblogs.org\/index.php?rest_route=%2Fwp%2Fv2%2Ftags&post=494"}],"curies":[{"name":"wp","href":"https:\/\/api.w.org\/{rel}","templated":true}]}}