{"id":488,"date":"2013-11-25T06:41:45","date_gmt":"2013-11-25T05:41:45","guid":{"rendered":"http:\/\/propagande.noblogs.org\/?p=488"},"modified":"2013-12-12T19:56:06","modified_gmt":"2013-12-12T18:56:06","slug":"feu-aux-prisons","status":"publish","type":"post","link":"https:\/\/propagande.noblogs.org\/?p=488","title":{"rendered":"Feu aux prisons !"},"content":{"rendered":"<p><a href=\"https:\/\/propagande.noblogs.org\/files\/2013\/11\/ape.cleaned.pdf\"><img loading=\"lazy\" decoding=\"async\" src=\"https:\/\/propagande.noblogs.org\/files\/2013\/11\/ape-mini-1.jpg\" alt=\"ape-mini-1\" width=\"269\" height=\"381\" class=\"alignnone size-full wp-image-490\" srcset=\"https:\/\/propagande.noblogs.org\/files\/2013\/11\/ape-mini-1.jpg 269w, https:\/\/propagande.noblogs.org\/files\/2013\/11\/ape-mini-1-211x300.jpg 211w\" sizes=\"auto, (max-width: 269px) 100vw, 269px\" \/><\/a><a href=\"https:\/\/propagande.noblogs.org\/files\/2013\/11\/ape.cleaned.pdf\"><img loading=\"lazy\" decoding=\"async\" src=\"https:\/\/propagande.noblogs.org\/files\/2013\/11\/ape-mini-2.jpg\" alt=\"ape-mini-2\" width=\"269\" height=\"381\" class=\"alignnone size-full wp-image-491\" srcset=\"https:\/\/propagande.noblogs.org\/files\/2013\/11\/ape-mini-2.jpg 269w, https:\/\/propagande.noblogs.org\/files\/2013\/11\/ape-mini-2-211x300.jpg 211w\" sizes=\"auto, (max-width: 269px) 100vw, 269px\" \/><\/a><\/p>\n<p><b>format<\/b> : A3 portrait<br \/>\n<b>ann\u00e9e de cr\u00e9ation<\/b> : 2013<br \/>\n<b>source<\/b> : inconnue<br \/>\n<b>sujet<\/b> : affiche invitant \u00e0 la destruction de tous les lieux d&rsquo;enfermement et \u00e0 la solidarit\u00e9 avec les prisonnier.e.s. \u00ab\u00a0Parce que c&rsquo;est le taf ou la taule\u00a0\u00bb comme dit le singe&#8230;<\/p>\n","protected":false},"excerpt":{"rendered":"<p>format : A3 portrait ann\u00e9e de cr\u00e9ation : 2013 source : inconnue sujet : affiche invitant \u00e0 la destruction de tous les lieux d&rsquo;enfermement et \u00e0 la solidarit\u00e9 avec les prisonnier.e.s. \u00ab\u00a0Parce que c&rsquo;est le taf ou la taule\u00a0\u00bb comme dit le singe&#8230;<\/p>\n","protected":false},"author":6250,"featured_media":0,"comment_status":"open","ping_status":"closed","sticky":false,"template":"","format":"standard","meta":{"footnotes":""},"categories":[11,21],"tags":[16],"class_list":["post-488","post","type-post","status-publish","format-standard","hentry","category-contre-la-domination","category-contre-la-prison-et-son-monde","tag-affiche"],"_links":{"self":[{"href":"https:\/\/propagande.noblogs.org\/index.php?rest_route=\/wp\/v2\/posts\/488","targetHints":{"allow":["GET"]}}],"collection":[{"href":"https:\/\/propagande.noblogs.org\/index.php?rest_route=\/wp\/v2\/posts"}],"about":[{"href":"https:\/\/propagande.noblogs.org\/index.php?rest_route=\/wp\/v2\/types\/post"}],"author":[{"embeddable":true,"href":"https:\/\/propagande.noblogs.org\/index.php?rest_route=\/wp\/v2\/users\/6250"}],"replies":[{"embeddable":true,"href":"https:\/\/propagande.noblogs.org\/index.php?rest_route=%2Fwp%2Fv2%2Fcomments&post=488"}],"version-history":[{"count":1,"href":"https:\/\/propagande.noblogs.org\/index.php?rest_route=\/wp\/v2\/posts\/488\/revisions"}],"predecessor-version":[{"id":493,"href":"https:\/\/propagande.noblogs.org\/index.php?rest_route=\/wp\/v2\/posts\/488\/revisions\/493"}],"wp:attachment":[{"href":"https:\/\/propagande.noblogs.org\/index.php?rest_route=%2Fwp%2Fv2%2Fmedia&parent=488"}],"wp:term":[{"taxonomy":"category","embeddable":true,"href":"https:\/\/propagande.noblogs.org\/index.php?rest_route=%2Fwp%2Fv2%2Fcategories&post=488"},{"taxonomy":"post_tag","embeddable":true,"href":"https:\/\/propagande.noblogs.org\/index.php?rest_route=%2Fwp%2Fv2%2Ftags&post=488"}],"curies":[{"name":"wp","href":"https:\/\/api.w.org\/{rel}","templated":true}]}}